{"id":384,"date":"2015-10-31T14:17:34","date_gmt":"2015-10-31T12:17:34","guid":{"rendered":"http:\/\/www.ormantik.com\/forum\/?p=384"},"modified":"2015-10-31T15:10:09","modified_gmt":"2015-10-31T13:10:09","slug":"orman-amenajmani-esaslari-final-but-2012-ve-oncesi","status":"publish","type":"post","link":"https:\/\/www.ormantik.com\/forum\/siniflar\/4-sinif\/cikmis-sorular-4-sinif\/orman-amenajmani-esaslari-final-but-2012-ve-oncesi\/","title":{"rendered":"Orman Amenajman\u0131 Esaslar\u0131 Final-B\u00fct 2012 ve \u00f6ncesi"},"content":{"rendered":"<p>2012 Orman Amenajman\u0131 Esaslar\u0131 Final Sorular\u0131<br \/>\n1. A\u015fa\u011f\u0131daki grafik alanlar\u0131 \u00fczerinde de\u011fi\u015fik orman fonksiyonlar\u0131n\u0131n me\u015fcere g\u00f6\u011f\u00fcs y\u00fczeylerine g\u00f6re de\u011fi\u015fimini (verimini) \u00e7iziniz. (Verim Grafikleri)<br \/>\n2. Klasik ormanc\u0131l\u0131\u011f\u0131n &#8220;end\u00fcstriyel&#8221; ve &#8220;fonksiyonel&#8221; ormanc\u0131l\u0131k alt tiplerinin i\u015fletme ama\u00e7lar\u0131 ve uygulama \u00f6zellikleri aras\u0131ndaki farklar\u0131 a\u015fa\u011f\u0131da sunulan \u00e7izergede belirtiniz.<br \/>\n3. Amenajman plan \u00e7e\u015fitlerini a\u015fa\u011f\u0131da \u00e7izergede belirtiniz.<br \/>\n4. Ormanc\u0131l\u0131k planlamas\u0131nda &#8220;s\u00fcreklilik&#8221; ilkesinin \u00e7e\u015fitlerini s\u0131ralay\u0131n\u0131z.<br \/>\n5. \u0130\u015fletme s\u0131n\u0131f\u0131 ay\u0131r\u0131c\u0131 \u00f6zelliklerini ay\u0131r\u0131m\u0131n\u0131 zorunlu k\u0131lan fakt\u00f6rleri s\u0131ralay\u0131n\u0131z.<br \/>\nBir i\u015fletme s\u0131n\u0131f\u0131n\u0131n olu\u015fturulmas\u0131nda yukar\u0131da s\u0131ralad\u0131\u011f\u0131n\u0131z me\u015fcere \u00f6zelliklerinin &#8230;&#8230;.. olmas\u0131 gerekir.<br \/>\n6. T\u00fcm orman formlar\u0131nda ortakla\u015fa olarak kullan\u0131lan zaman kavramlar\u0131n\u0131 s\u0131ralay\u0131n\u0131z.<br \/>\n7. Ormanc\u0131l\u0131kta &#8220;olgunluk&#8221; kavram\u0131n\u0131 en temel \u00f6geleri ile tek bir c\u00fcmlede a\u00e7\u0131klay\u0131n\u0131z. Olgunluk \u00e7e\u015fitlerini yaz\u0131n\u0131z.<br \/>\n8. &#8220;\u0130dare S\u00fcresi&#8221; nedir? \u00c7e\u015fitlerini s\u0131ralay\u0131n\u0131z.<br \/>\n9. &#8220;Progresif azalan art\u0131m&#8221; kavram\u0131n\u0131 g\u00f6rsel olarak a\u00e7\u0131klayan \u015femay\u0131 \u00e7iziniz. Ayr\u0131ca denklemini yaz\u0131p i\u00e7inde yer ald\u0131\u011f\u0131 unsurlar\u0131 belirtiniz.<br \/>\n10. Orman Amenajman\u0131nda &#8220;Has\u0131lat ve &#8220;Eta&#8221; kavramlar\u0131n\u0131 tek bir c\u00fcmleyle a\u00e7\u0131klay\u0131n\u0131z. &#8220;Eta&#8221; \u00e7e\u015fitlerini \u015fematik olarak g\u00f6steriniz.<\/p>\n<p>2010 Orman Amenajman\u0131 Esaslar\u0131 Final Sorular\u0131<br \/>\n1- Orman amenajman\u0131 disiplininin tan\u0131m\u0131n\u0131 yap\u0131n\u0131z ve amac\u0131n\u0131 bir c\u00fcmle ile a\u00e7\u0131klay\u0131n\u0131z.<br \/>\n2- De\u011fi\u015fik ya\u015fl\u0131 ve d\u00fc\u015fey kapal\u0131 orman formunu s\u00fcrd\u00fcrebilmek i\u00e7in gerekli ko\u015fullar\u0131 a\u00e7\u0131klay\u0131n\u0131z.<br \/>\n3- Orman fonksiyonlar\u0131n\u0131 planlama tekni\u011fi y\u00f6n\u00fcnden s\u0131n\u0131fland\u0131r\u0131n\u0131z.<br \/>\n4- \u0130ki ana orman formunu (Ayn\u0131 ya\u015fl\u0131 ve tek katl\u0131 \/ De\u011fi\u015fik ya\u015fl\u0131 d\u00fc\u015fey kapal\u0131) odun \u00fcretimi, su \u00fcretimi, estetik, erezyon kontrol\u00fc y\u00f6n\u00fcnden kar\u015f\u0131la\u015ft\u0131r\u0131n\u0131z.<br \/>\n5- Ulusal ormanc\u0131l\u0131k ama\u00e7lar\u0131n\u0131n kapsam\u0131 nedir? Bu ama\u00e7lar\u0131 kim saptar?<br \/>\n6- S\u00fcreklilik ilkesinin tan\u0131m\u0131n\u0131 yaparak bu kavram\u0131n geni\u015fleyen i\u00e7eri\u011fini k\u0131saca a\u00e7\u0131klay\u0131n\u0131z.<br \/>\n7- Orman amenajman\u0131nda planlamaya haz olan teknik kriterleri belirtiniz.<br \/>\n8- \u0130dare s\u00fcresinin tan\u0131m\u0131n\u0131 yaparak \u00e7e\u015fitlerini s\u0131ralay\u0131n\u0131z. Olgunluk terimi ile idare s\u00fcresi aras\u0131ndaki fark\u0131 tek c\u00fcmle ile a\u00e7\u0131klay\u0131n\u0131z.<br \/>\n9- \u0130\u015fletme s\u0131n\u0131f\u0131n\u0131n tan\u0131m\u0131n\u0131 yaparak i\u015fletme s\u0131n\u0131f\u0131 ayr\u0131m\u0131n\u0131 zorunlu k\u0131lan kriterleri s\u0131ralay\u0131n\u0131z.<br \/>\n10- Bonited kavram\u0131n\u0131n tan\u0131m\u0131n\u0131 yaparak bonited tayininde uygulanan y\u00f6ntemleri s\u0131n\u0131fland\u0131r\u0131n\u0131z.<\/p>\n<p>2010 Orman Amenajman\u0131 Esaslar\u0131 B\u00fct. Sorular\u0131<br \/>\n1- Orman amenajman\u0131 disiplininin misyon ve vizyonunu bir c\u00fcmle ile a\u00e7\u0131klay\u0131n\u0131z.<br \/>\n2- Orman fonksiyonlar\u0131n\u0131 talep y\u00f6n\u00fcnden ve kapsam y\u00f6n\u00fcnden s\u0131n\u0131fland\u0131r\u0131n\u0131z.<br \/>\n3- \u0130ki ana orman formunu (Ayn\u0131 ya\u015fl\u0131 ve tek katl\u0131 \/ De\u011fi\u015fik ya\u015fl\u0131 d\u00fc\u015fey kapal\u0131) genel olarak kar\u015f\u0131la\u015ft\u0131r\u0131n\u0131z.<br \/>\n4- Ulusal Ormanc\u0131l\u0131k ama\u00e7lar\u0131n\u0131 yaz\u0131n. K\u00fcresel ormanc\u0131l\u0131\u011f\u0131 a\u00e7\u0131klay\u0131n.<br \/>\n5- Orman amenajman\u0131nda planlamaya haz olan teknik kriterleri belirtiniz.<br \/>\n6- Olgunluk terimi ile idare s\u00fcresi aras\u0131ndaki fark\u0131 tek c\u00fcmle ile a\u00e7\u0131klay\u0131n\u0131z.<br \/>\n7- Progresif azalan art\u0131m (\u015feklinde bir soru). Form\u00fcl\u00fc \u00e7izerek a\u00e7\u0131klay\u0131n\u0131z.<br \/>\n8- Prognoz nedir? Ormanc\u0131l\u0131k a\u00e7\u0131s\u0131ndan \u00f6nemi nedir?<br \/>\n9- S\u00fcreklilik ilkelerini yaz\u0131n\u0131z.<\/p>\n<p>2009 Orman Amenajman\u0131 Esaslar\u0131 Final Sorular\u0131<br \/>\n1- Orman amenajman\u0131 disiplininin tan\u0131m\u0131n\u0131 yap\u0131n\u0131z ve amac\u0131n\u0131 bir c\u00fcmle ile a\u00e7\u0131klay\u0131n\u0131z.<br \/>\n2- De\u011fi\u015fik ya\u015fl\u0131 ve d\u00fc\u015fey kapal\u0131 orman formunu s\u00fcrd\u00fcrebilmek i\u00e7in gerekli ko\u015fullar\u0131 a\u00e7\u0131klay\u0131n\u0131z.<br \/>\n3- Orman fonksiyonlar\u0131n\u0131 planlama tekni\u011fi y\u00f6n\u00fcnden s\u0131n\u0131fland\u0131r\u0131n\u0131z.<br \/>\n4- \u0130ki ana orman formunu ( Ayn\u0131 ya\u015fl\u0131 ve tekkatl\u0131 \/ De\u011fi\u015fik ya\u015fl\u0131 ve d\u00fc\u015fey kapal\u0131 ) odun \u00fcretimi, su \u00fcretimi, estetik ve erozyon kontrol\u00fc y\u00f6n\u00fcnden kar\u015f\u0131la\u015ft\u0131r\u0131n\u0131z.<br \/>\n5- Ulusal ormanc\u0131l\u0131k kapsam\u0131n\u0131n ama\u00e7lar\u0131 nedir? Bu ama\u00e7lar\u0131 kim saptar?<br \/>\n6- S\u00fcreklilik ilkesinin tan\u0131m\u0131n\u0131 yaparak, bu kavram\u0131n geni\u015fleyen i\u00e7eri\u011fini k\u0131saca a\u00e7\u0131klay\u0131n\u0131z.<br \/>\n7- Orman amenajman\u0131nda planlamaya baz alan teknik kriteri belirtiniz.<br \/>\n8- \u0130\u015fletme s\u0131n\u0131f\u0131n\u0131n tan\u0131m\u0131n\u0131 yaparak, i\u015fletme s\u0131n\u0131f\u0131 ayr\u0131m\u0131n\u0131 zorunlu k\u0131lan fakt\u00f6rleri s\u0131ralay\u0131n\u0131z.<br \/>\n9- \u0130dare s\u00fcresinin tan\u0131m\u0131n\u0131 yaparak \u00e7e\u015fitlerini s\u0131ralay\u0131n\u0131z. Olgunluk terimi ile idare s\u00fcresi aras\u0131ndaki fark\u0131 tek c\u00fcmle ile a\u00e7\u0131klay\u0131n\u0131z.<br \/>\n10- Bonitet kavram\u0131n\u0131n tan\u0131m\u0131n\u0131 yaparak bonitet tayininde uygulanan y\u00f6ntemleri s\u0131n\u0131fland\u0131r\u0131n\u0131z.<\/p>\n<p>2009 Orman Amenajman\u0131 Esaslar\u0131 B\u00fct\u00fcnleme Sorular\u0131<br \/>\n1- T\u00fcm i\u015fletme \u015fekillerini yaz\u0131n.<br \/>\n2- Amenajman planlar\u0131n\u0131 planlama sistemi ve i\u00e7erik itibariyle s\u0131n\u0131fland\u0131r\u0131n.<br \/>\n3- Orman amenajman\u0131n\u0131n genel ilkelleri nelerdir?En \u00f6nemlisinin(s\u00fcreklilik ilkesi) \u00e7e\u015fitlerini yaz\u0131n.<br \/>\n4- Orman i\u00e7i ve civar\u0131 halktan kaynaklanan sosyal bask\u0131lar nelerdir?<br \/>\n5- \u0130\u015fletme s\u0131n\u0131f\u0131 nedir?\u0130\u015fletme s\u0131n\u0131f\u0131 ayr\u0131m\u0131n\u0131 zorunlu k\u0131lan fakt\u00f6rler nelerdir?<br \/>\n6- \u0130dare s\u00fcresi hangi orman formunda kullan\u0131l\u0131r?\u0130dare s\u00fcresi \u00e7e\u015fitlerini yaz\u0131n.<br \/>\n7- Progresif azalan art\u0131m\u0131 \u015fematik olarak g\u00f6stererek,denklemini yaz\u0131n,denklemdeki unsurlar\u0131 belirtin.<br \/>\n8- Eta ka\u00e7a ayr\u0131l\u0131r,\u00e7izimle g\u00f6sterin,has\u0131lattan fark\u0131n\u0131 belirtin.<br \/>\n9- Bonitet belirleme y\u00f6ntemleri nelerdir?Aralar\u0131ndaki fark\u0131 belirtin.<br \/>\n10- \u0130dare y\u0131l\u0131, d\u00fczenleme s\u00fcresi, de\u011fi\u015fiklik s\u00fcresi , tesviye s\u00fcresi, amenajman plan\u0131 s\u00fcresi, tek a\u011fa\u00e7 olgunlu\u011fu, kesim plan\u0131 evresi, gen\u00e7le\u015ftirme s\u00fcresi, d\u00f6n\u00fc\u015f s\u00fcresi, siper bask\u0131 s\u00fcresi, d\u00f6n\u00fc\u015f s\u00fcresi. Bu zaman kavramlar\u0131 hangi orman formlar\u0131 i\u00e7in kullan\u0131l\u0131r?(t\u00fcm ormanlar i\u00e7in mi, sadece ayn\u0131 ya\u015fl\u0131 ormanlar i\u00e7in mi, sadece de\u011fi\u015fik ya\u015fl\u0131 ormanlar i\u00e7inmi?)<\/p>\n<p>2008 Orman Amenajman\u0131 Esaslar\u0131 Final Sorular\u0131<br \/>\n1- Akt\u00fcel kurulu\u015fun belirlenmesinde,idare s\u00fcresi,idare s\u00fcresinin nedeni,alan,art\u0131m\u0131n ya\u015f s\u0131n\u0131flar\u0131na da\u011f\u0131l\u0131m\u0131n\u0131 \u015fekille a\u00e7\u0131klay\u0131n\u0131z.<br \/>\n2- Optimal kurulu\u015fun belirlenmesinde kesimlik ortalama art\u0131m\u0131 a\u00e7\u0131kay\u0131n\u0131z,\u015feklini \u00e7izin<br \/>\n3- Optimal kurulu\u015f deyince ne anl\u0131yorsunuz?<br \/>\n4- Son has\u0131lat etas\u0131 ile ara has\u0131lat etas\u0131 form\u00fcllerini yaz\u0131n\u0131z,sembollerini belirtiniz,form\u00fcldeki progresif azalan art\u0131m\u0131 belirtiniz<br \/>\n5- Saydam \u015fablonun en k\u00fc\u00e7\u00fck karesinin bir kenar\u0131 4 mmdir.Bu durumda 1:25000,1:5000 ve 1:10000 \u00f6l\u00e7ekli haritalarda en k\u00fc\u00e7\u00fck kare ka\u00e7 hektara kar\u015f\u0131l\u0131k gelecektir,hesaplay\u0131n\u0131z.<br \/>\n6- R\u00f6per noktas\u0131ndan \u00f6rnek alan merkezine do\u011fru bir \u015fekilde ula\u015fabilmek i\u00e7in nelere dikkat edilmelidir?<br \/>\n7- Y\u0131ll\u0131k alan metodlar\u0131n\u0131 a\u00e7\u0131klay\u0131n,aras\u0131ndaki farklar\u0131 belirtiniz.<br \/>\n8- Bir \u00f6rnek alanda ya\u015f ve art\u0131m\u0131 belirlemek i\u00e7in hangi \u00f6l\u00e7\u00fcmleri yapt\u0131n\u0131z, a\u00e7\u0131klay\u0131n\u0131z<\/p>\n<p>2006 Orman Amenajman\u0131 Esaslar\u0131 Final Sorular\u0131<br \/>\n1- \u0130\u015fletme s\u0131n\u0131f\u0131 nedir ?ayr\u0131m\u0131n\u0131 zorunlu k\u0131lan fakt\u00f6rler?<br \/>\n2- Amenajman planlar\u0131n\u0131 i\u00e7erik itibariyle s\u0131n\u0131fland\u0131r?<br \/>\n3- S\u00fcreklilik ka\u00e7a ayr\u0131l\u0131r ger\u00e7ekle\u015fme ko\u015fullar\u0131??<br \/>\n4- \u0130htiyat nedir ihtiyat \u015fekilleri?<br \/>\n5- Sosyal ve ekonomik kriterler nelerdir?<br \/>\n6- Sosyal bask\u0131lar nelerdir?<br \/>\n7- Olgunluk nedir ve \u00e7e\u015fitleri?<br \/>\n8- Eta nedir? \u00e7e\u015fitleri nelerdir?<br \/>\n9- Prograsif azalan art\u0131m nedir?<br \/>\n10- \u0130dare s\u00fcresi \u00e7e\u015fitleri..<br \/>\n11- En y\u00fcksek odun has\u0131lat\u0131 a\u00e7\u0131klay\u0131n.<\/p>\n","protected":false},"excerpt":{"rendered":"<p>2012 Orman Amenajman\u0131 Esaslar\u0131 Final Sorular\u0131 1. A\u015fa\u011f\u0131daki grafik alanlar\u0131 \u00fczerinde de\u011fi\u015fik orman fonksiyonlar\u0131n\u0131n me\u015fcere g\u00f6\u011f\u00fcs y\u00fczeylerine g\u00f6re de\u011fi\u015fimini (verimini) \u00e7iziniz. (Verim Grafikleri) 2. Klasik ormanc\u0131l\u0131\u011f\u0131n &#8220;end\u00fcstriyel&#8221; ve &#8220;fonksiyonel&#8221; ormanc\u0131l\u0131k alt tiplerinin i\u015fletme ama\u00e7lar\u0131 ve uygulama \u00f6zellikleri aras\u0131ndaki farklar\u0131 a\u015fa\u011f\u0131da sunulan \u00e7izergede belirtiniz. 3. Amenajman plan \u00e7e\u015fitlerini a\u015fa\u011f\u0131da \u00e7izergede belirtiniz. 4. Ormanc\u0131l\u0131k planlamas\u0131nda &#8220;s\u00fcreklilik&#8221; ilkesinin [&hellip;]<\/p>\n","protected":false},"author":3,"featured_media":0,"comment_status":"open","ping_status":"open","sticky":false,"template":"","format":"standard","meta":{"footnotes":""},"categories":[230],"tags":[61],"class_list":["post-384","post","type-post","status-publish","format-standard","hentry","category-cikmis-sorular-4-sinif","tag-orman-amenajmani-esaslari"],"yoast_head":"<!-- This site is optimized with the Yoast SEO plugin v27.2 - https:\/\/yoast.com\/product\/yoast-seo-wordpress\/ -->\n<title>Orman Amenajman\u0131 Esaslar\u0131 Final-B\u00fct 2012 ve \u00f6ncesi - ORMANT\u0130K<\/title>\n<meta name=\"robots\" content=\"index, follow, max-snippet:-1, max-image-preview:large, max-video-preview:-1\" \/>\n<link rel=\"canonical\" href=\"https:\/\/www.ormantik.com\/forum\/siniflar\/4-sinif\/cikmis-sorular-4-sinif\/orman-amenajmani-esaslari-final-but-2012-ve-oncesi\/\" \/>\n<meta property=\"og:locale\" content=\"tr_TR\" \/>\n<meta property=\"og:type\" content=\"article\" \/>\n<meta property=\"og:title\" content=\"Orman Amenajman\u0131 Esaslar\u0131 Final-B\u00fct 2012 ve \u00f6ncesi - ORMANT\u0130K\" \/>\n<meta property=\"og:description\" content=\"2012 Orman Amenajman\u0131 Esaslar\u0131 Final Sorular\u0131 1. A\u015fa\u011f\u0131daki grafik alanlar\u0131 \u00fczerinde de\u011fi\u015fik orman fonksiyonlar\u0131n\u0131n me\u015fcere g\u00f6\u011f\u00fcs y\u00fczeylerine g\u00f6re de\u011fi\u015fimini (verimini) \u00e7iziniz. (Verim Grafikleri) 2. Klasik ormanc\u0131l\u0131\u011f\u0131n &#8220;end\u00fcstriyel&#8221; ve &#8220;fonksiyonel&#8221; ormanc\u0131l\u0131k alt tiplerinin i\u015fletme ama\u00e7lar\u0131 ve uygulama \u00f6zellikleri aras\u0131ndaki farklar\u0131 a\u015fa\u011f\u0131da sunulan \u00e7izergede belirtiniz. 3. Amenajman plan \u00e7e\u015fitlerini a\u015fa\u011f\u0131da \u00e7izergede belirtiniz. 4. Ormanc\u0131l\u0131k planlamas\u0131nda &#8220;s\u00fcreklilik&#8221; ilkesinin [&hellip;]\" \/>\n<meta property=\"og:url\" content=\"https:\/\/www.ormantik.com\/forum\/siniflar\/4-sinif\/cikmis-sorular-4-sinif\/orman-amenajmani-esaslari-final-but-2012-ve-oncesi\/\" \/>\n<meta property=\"og:site_name\" content=\"ORMANT\u0130K\" \/>\n<meta property=\"article:publisher\" content=\"https:\/\/www.facebook.com\/ormantikcom\" \/>\n<meta property=\"article:published_time\" content=\"2015-10-31T12:17:34+00:00\" \/>\n<meta property=\"article:modified_time\" content=\"2015-10-31T13:10:09+00:00\" \/>\n<meta name=\"author\" content=\"Ormantik\" \/>\n<meta name=\"twitter:card\" content=\"summary_large_image\" \/>\n<meta name=\"twitter:creator\" content=\"@ormantikcom\" \/>\n<meta name=\"twitter:site\" content=\"@ormantikcom\" \/>\n<meta name=\"twitter:label1\" content=\"Yazan:\" \/>\n\t<meta name=\"twitter:data1\" content=\"Ormantik\" \/>\n\t<meta name=\"twitter:label2\" content=\"Tahmini okuma s\u00fcresi\" \/>\n\t<meta name=\"twitter:data2\" content=\"7 dakika\" \/>\n<script type=\"application\/ld+json\" class=\"yoast-schema-graph\">{\"@context\":\"https:\/\/schema.org\",\"@graph\":[{\"@type\":\"Article\",\"@id\":\"https:\/\/www.ormantik.com\/forum\/siniflar\/4-sinif\/cikmis-sorular-4-sinif\/orman-amenajmani-esaslari-final-but-2012-ve-oncesi\/#article\",\"isPartOf\":{\"@id\":\"https:\/\/www.ormantik.com\/forum\/siniflar\/4-sinif\/cikmis-sorular-4-sinif\/orman-amenajmani-esaslari-final-but-2012-ve-oncesi\/\"},\"author\":{\"name\":\"Ormantik\",\"@id\":\"https:\/\/www.ormantik.com\/forum\/#\/schema\/person\/77f14adc8075b1bb1cf3e5d042ee45a3\"},\"headline\":\"Orman Amenajman\u0131 Esaslar\u0131 Final-B\u00fct 2012 ve \u00f6ncesi\",\"datePublished\":\"2015-10-31T12:17:34+00:00\",\"dateModified\":\"2015-10-31T13:10:09+00:00\",\"mainEntityOfPage\":{\"@id\":\"https:\/\/www.ormantik.com\/forum\/siniflar\/4-sinif\/cikmis-sorular-4-sinif\/orman-amenajmani-esaslari-final-but-2012-ve-oncesi\/\"},\"wordCount\":1307,\"commentCount\":1,\"publisher\":{\"@id\":\"https:\/\/www.ormantik.com\/forum\/#organization\"},\"keywords\":[\"Orman Amenajman\u0131 Esaslar\u0131\"],\"articleSection\":[\"\u00c7\u0131km\u0131\u015f Sorular\"],\"inLanguage\":\"tr\",\"potentialAction\":[{\"@type\":\"CommentAction\",\"name\":\"Comment\",\"target\":[\"https:\/\/www.ormantik.com\/forum\/siniflar\/4-sinif\/cikmis-sorular-4-sinif\/orman-amenajmani-esaslari-final-but-2012-ve-oncesi\/#respond\"]}]},{\"@type\":\"WebPage\",\"@id\":\"https:\/\/www.ormantik.com\/forum\/siniflar\/4-sinif\/cikmis-sorular-4-sinif\/orman-amenajmani-esaslari-final-but-2012-ve-oncesi\/\",\"url\":\"https:\/\/www.ormantik.com\/forum\/siniflar\/4-sinif\/cikmis-sorular-4-sinif\/orman-amenajmani-esaslari-final-but-2012-ve-oncesi\/\",\"name\":\"Orman Amenajman\u0131 Esaslar\u0131 Final-B\u00fct 2012 ve \u00f6ncesi - ORMANT\u0130K\",\"isPartOf\":{\"@id\":\"https:\/\/www.ormantik.com\/forum\/#website\"},\"datePublished\":\"2015-10-31T12:17:34+00:00\",\"dateModified\":\"2015-10-31T13:10:09+00:00\",\"breadcrumb\":{\"@id\":\"https:\/\/www.ormantik.com\/forum\/siniflar\/4-sinif\/cikmis-sorular-4-sinif\/orman-amenajmani-esaslari-final-but-2012-ve-oncesi\/#breadcrumb\"},\"inLanguage\":\"tr\",\"potentialAction\":[{\"@type\":\"ReadAction\",\"target\":[\"https:\/\/www.ormantik.com\/forum\/siniflar\/4-sinif\/cikmis-sorular-4-sinif\/orman-amenajmani-esaslari-final-but-2012-ve-oncesi\/\"]}]},{\"@type\":\"BreadcrumbList\",\"@id\":\"https:\/\/www.ormantik.com\/forum\/siniflar\/4-sinif\/cikmis-sorular-4-sinif\/orman-amenajmani-esaslari-final-but-2012-ve-oncesi\/#breadcrumb\",\"itemListElement\":[{\"@type\":\"ListItem\",\"position\":1,\"name\":\"Anasayfa\",\"item\":\"https:\/\/www.ormantik.com\/forum\/\"},{\"@type\":\"ListItem\",\"position\":2,\"name\":\"S\u0131n\u0131flar\",\"item\":\"https:\/\/www.ormantik.com\/forum\/siniflar\/\"},{\"@type\":\"ListItem\",\"position\":3,\"name\":\"4.S\u0131n\u0131f\",\"item\":\"https:\/\/www.ormantik.com\/forum\/siniflar\/4-sinif\/\"},{\"@type\":\"ListItem\",\"position\":4,\"name\":\"\u00c7\u0131km\u0131\u015f Sorular\",\"item\":\"https:\/\/www.ormantik.com\/forum\/siniflar\/4-sinif\/cikmis-sorular-4-sinif\/\"},{\"@type\":\"ListItem\",\"position\":5,\"name\":\"Orman Amenajman\u0131 Esaslar\u0131 Final-B\u00fct 2012 ve \u00f6ncesi\"}]},{\"@type\":\"WebSite\",\"@id\":\"https:\/\/www.ormantik.com\/forum\/#website\",\"url\":\"https:\/\/www.ormantik.com\/forum\/\",\"name\":\"ORMANT\u0130K\",\"description\":\"Orman Fak\u00fclteliler\",\"publisher\":{\"@id\":\"https:\/\/www.ormantik.com\/forum\/#organization\"},\"potentialAction\":[{\"@type\":\"SearchAction\",\"target\":{\"@type\":\"EntryPoint\",\"urlTemplate\":\"https:\/\/www.ormantik.com\/forum\/?s={search_term_string}\"},\"query-input\":{\"@type\":\"PropertyValueSpecification\",\"valueRequired\":true,\"valueName\":\"search_term_string\"}}],\"inLanguage\":\"tr\"},{\"@type\":\"Organization\",\"@id\":\"https:\/\/www.ormantik.com\/forum\/#organization\",\"name\":\"Ormantik\",\"url\":\"https:\/\/www.ormantik.com\/forum\/\",\"logo\":{\"@type\":\"ImageObject\",\"inLanguage\":\"tr\",\"@id\":\"https:\/\/www.ormantik.com\/forum\/#\/schema\/logo\/image\/\",\"url\":\"\",\"contentUrl\":\"\",\"caption\":\"Ormantik\"},\"image\":{\"@id\":\"https:\/\/www.ormantik.com\/forum\/#\/schema\/logo\/image\/\"},\"sameAs\":[\"https:\/\/www.facebook.com\/ormantikcom\",\"https:\/\/x.com\/ormantikcom\",\"https:\/\/www.instagram.com\/ormantikcom\",\"https:\/\/www.youtube.com\/ormantikcom\"]},{\"@type\":\"Person\",\"@id\":\"https:\/\/www.ormantik.com\/forum\/#\/schema\/person\/77f14adc8075b1bb1cf3e5d042ee45a3\",\"name\":\"Ormantik\",\"image\":{\"@type\":\"ImageObject\",\"inLanguage\":\"tr\",\"@id\":\"https:\/\/secure.gravatar.com\/avatar\/0624dbf14f64731a092a37b5430366ab4831e2b2c1f78398f8afdb361185f1e9?s=96&d=mm&r=g\",\"url\":\"https:\/\/secure.gravatar.com\/avatar\/0624dbf14f64731a092a37b5430366ab4831e2b2c1f78398f8afdb361185f1e9?s=96&d=mm&r=g\",\"contentUrl\":\"https:\/\/secure.gravatar.com\/avatar\/0624dbf14f64731a092a37b5430366ab4831e2b2c1f78398f8afdb361185f1e9?s=96&d=mm&r=g\",\"caption\":\"Ormantik\"},\"description\":\"23 Nisan 2011'de \u0130stanbul \u00dcniversitesi Orman Fak\u00fcltesi'nde kuruldu. \u00d6ncesinde 2007 y\u0131l\u0131nda kurulun ormanist.com sitesinin devam\u0131d\u0131r.\",\"sameAs\":[\"http:\/\/www.ormantik.com\/forum\"],\"url\":\"https:\/\/www.ormantik.com\/forum\/profile\/ormantik\/\"}]}<\/script>\n<!-- \/ Yoast SEO plugin. -->","yoast_head_json":{"title":"Orman Amenajman\u0131 Esaslar\u0131 Final-B\u00fct 2012 ve \u00f6ncesi - ORMANT\u0130K","robots":{"index":"index","follow":"follow","max-snippet":"max-snippet:-1","max-image-preview":"max-image-preview:large","max-video-preview":"max-video-preview:-1"},"canonical":"https:\/\/www.ormantik.com\/forum\/siniflar\/4-sinif\/cikmis-sorular-4-sinif\/orman-amenajmani-esaslari-final-but-2012-ve-oncesi\/","og_locale":"tr_TR","og_type":"article","og_title":"Orman Amenajman\u0131 Esaslar\u0131 Final-B\u00fct 2012 ve \u00f6ncesi - ORMANT\u0130K","og_description":"2012 Orman Amenajman\u0131 Esaslar\u0131 Final Sorular\u0131 1. A\u015fa\u011f\u0131daki grafik alanlar\u0131 \u00fczerinde de\u011fi\u015fik orman fonksiyonlar\u0131n\u0131n me\u015fcere g\u00f6\u011f\u00fcs y\u00fczeylerine g\u00f6re de\u011fi\u015fimini (verimini) \u00e7iziniz. (Verim Grafikleri) 2. Klasik ormanc\u0131l\u0131\u011f\u0131n &#8220;end\u00fcstriyel&#8221; ve &#8220;fonksiyonel&#8221; ormanc\u0131l\u0131k alt tiplerinin i\u015fletme ama\u00e7lar\u0131 ve uygulama \u00f6zellikleri aras\u0131ndaki farklar\u0131 a\u015fa\u011f\u0131da sunulan \u00e7izergede belirtiniz. 3. Amenajman plan \u00e7e\u015fitlerini a\u015fa\u011f\u0131da \u00e7izergede belirtiniz. 4. Ormanc\u0131l\u0131k planlamas\u0131nda &#8220;s\u00fcreklilik&#8221; ilkesinin [&hellip;]","og_url":"https:\/\/www.ormantik.com\/forum\/siniflar\/4-sinif\/cikmis-sorular-4-sinif\/orman-amenajmani-esaslari-final-but-2012-ve-oncesi\/","og_site_name":"ORMANT\u0130K","article_publisher":"https:\/\/www.facebook.com\/ormantikcom","article_published_time":"2015-10-31T12:17:34+00:00","article_modified_time":"2015-10-31T13:10:09+00:00","author":"Ormantik","twitter_card":"summary_large_image","twitter_creator":"@ormantikcom","twitter_site":"@ormantikcom","twitter_misc":{"Yazan:":"Ormantik","Tahmini okuma s\u00fcresi":"7 dakika"},"schema":{"@context":"https:\/\/schema.org","@graph":[{"@type":"Article","@id":"https:\/\/www.ormantik.com\/forum\/siniflar\/4-sinif\/cikmis-sorular-4-sinif\/orman-amenajmani-esaslari-final-but-2012-ve-oncesi\/#article","isPartOf":{"@id":"https:\/\/www.ormantik.com\/forum\/siniflar\/4-sinif\/cikmis-sorular-4-sinif\/orman-amenajmani-esaslari-final-but-2012-ve-oncesi\/"},"author":{"name":"Ormantik","@id":"https:\/\/www.ormantik.com\/forum\/#\/schema\/person\/77f14adc8075b1bb1cf3e5d042ee45a3"},"headline":"Orman Amenajman\u0131 Esaslar\u0131 Final-B\u00fct 2012 ve \u00f6ncesi","datePublished":"2015-10-31T12:17:34+00:00","dateModified":"2015-10-31T13:10:09+00:00","mainEntityOfPage":{"@id":"https:\/\/www.ormantik.com\/forum\/siniflar\/4-sinif\/cikmis-sorular-4-sinif\/orman-amenajmani-esaslari-final-but-2012-ve-oncesi\/"},"wordCount":1307,"commentCount":1,"publisher":{"@id":"https:\/\/www.ormantik.com\/forum\/#organization"},"keywords":["Orman Amenajman\u0131 Esaslar\u0131"],"articleSection":["\u00c7\u0131km\u0131\u015f Sorular"],"inLanguage":"tr","potentialAction":[{"@type":"CommentAction","name":"Comment","target":["https:\/\/www.ormantik.com\/forum\/siniflar\/4-sinif\/cikmis-sorular-4-sinif\/orman-amenajmani-esaslari-final-but-2012-ve-oncesi\/#respond"]}]},{"@type":"WebPage","@id":"https:\/\/www.ormantik.com\/forum\/siniflar\/4-sinif\/cikmis-sorular-4-sinif\/orman-amenajmani-esaslari-final-but-2012-ve-oncesi\/","url":"https:\/\/www.ormantik.com\/forum\/siniflar\/4-sinif\/cikmis-sorular-4-sinif\/orman-amenajmani-esaslari-final-but-2012-ve-oncesi\/","name":"Orman Amenajman\u0131 Esaslar\u0131 Final-B\u00fct 2012 ve \u00f6ncesi - ORMANT\u0130K","isPartOf":{"@id":"https:\/\/www.ormantik.com\/forum\/#website"},"datePublished":"2015-10-31T12:17:34+00:00","dateModified":"2015-10-31T13:10:09+00:00","breadcrumb":{"@id":"https:\/\/www.ormantik.com\/forum\/siniflar\/4-sinif\/cikmis-sorular-4-sinif\/orman-amenajmani-esaslari-final-but-2012-ve-oncesi\/#breadcrumb"},"inLanguage":"tr","potentialAction":[{"@type":"ReadAction","target":["https:\/\/www.ormantik.com\/forum\/siniflar\/4-sinif\/cikmis-sorular-4-sinif\/orman-amenajmani-esaslari-final-but-2012-ve-oncesi\/"]}]},{"@type":"BreadcrumbList","@id":"https:\/\/www.ormantik.com\/forum\/siniflar\/4-sinif\/cikmis-sorular-4-sinif\/orman-amenajmani-esaslari-final-but-2012-ve-oncesi\/#breadcrumb","itemListElement":[{"@type":"ListItem","position":1,"name":"Anasayfa","item":"https:\/\/www.ormantik.com\/forum\/"},{"@type":"ListItem","position":2,"name":"S\u0131n\u0131flar","item":"https:\/\/www.ormantik.com\/forum\/siniflar\/"},{"@type":"ListItem","position":3,"name":"4.S\u0131n\u0131f","item":"https:\/\/www.ormantik.com\/forum\/siniflar\/4-sinif\/"},{"@type":"ListItem","position":4,"name":"\u00c7\u0131km\u0131\u015f Sorular","item":"https:\/\/www.ormantik.com\/forum\/siniflar\/4-sinif\/cikmis-sorular-4-sinif\/"},{"@type":"ListItem","position":5,"name":"Orman Amenajman\u0131 Esaslar\u0131 Final-B\u00fct 2012 ve \u00f6ncesi"}]},{"@type":"WebSite","@id":"https:\/\/www.ormantik.com\/forum\/#website","url":"https:\/\/www.ormantik.com\/forum\/","name":"ORMANT\u0130K","description":"Orman Fak\u00fclteliler","publisher":{"@id":"https:\/\/www.ormantik.com\/forum\/#organization"},"potentialAction":[{"@type":"SearchAction","target":{"@type":"EntryPoint","urlTemplate":"https:\/\/www.ormantik.com\/forum\/?s={search_term_string}"},"query-input":{"@type":"PropertyValueSpecification","valueRequired":true,"valueName":"search_term_string"}}],"inLanguage":"tr"},{"@type":"Organization","@id":"https:\/\/www.ormantik.com\/forum\/#organization","name":"Ormantik","url":"https:\/\/www.ormantik.com\/forum\/","logo":{"@type":"ImageObject","inLanguage":"tr","@id":"https:\/\/www.ormantik.com\/forum\/#\/schema\/logo\/image\/","url":"","contentUrl":"","caption":"Ormantik"},"image":{"@id":"https:\/\/www.ormantik.com\/forum\/#\/schema\/logo\/image\/"},"sameAs":["https:\/\/www.facebook.com\/ormantikcom","https:\/\/x.com\/ormantikcom","https:\/\/www.instagram.com\/ormantikcom","https:\/\/www.youtube.com\/ormantikcom"]},{"@type":"Person","@id":"https:\/\/www.ormantik.com\/forum\/#\/schema\/person\/77f14adc8075b1bb1cf3e5d042ee45a3","name":"Ormantik","image":{"@type":"ImageObject","inLanguage":"tr","@id":"https:\/\/secure.gravatar.com\/avatar\/0624dbf14f64731a092a37b5430366ab4831e2b2c1f78398f8afdb361185f1e9?s=96&d=mm&r=g","url":"https:\/\/secure.gravatar.com\/avatar\/0624dbf14f64731a092a37b5430366ab4831e2b2c1f78398f8afdb361185f1e9?s=96&d=mm&r=g","contentUrl":"https:\/\/secure.gravatar.com\/avatar\/0624dbf14f64731a092a37b5430366ab4831e2b2c1f78398f8afdb361185f1e9?s=96&d=mm&r=g","caption":"Ormantik"},"description":"23 Nisan 2011'de \u0130stanbul \u00dcniversitesi Orman Fak\u00fcltesi'nde kuruldu. \u00d6ncesinde 2007 y\u0131l\u0131nda kurulun ormanist.com sitesinin devam\u0131d\u0131r.","sameAs":["http:\/\/www.ormantik.com\/forum"],"url":"https:\/\/www.ormantik.com\/forum\/profile\/ormantik\/"}]}},"_links":{"self":[{"href":"https:\/\/www.ormantik.com\/forum\/wp-json\/wp\/v2\/posts\/384","targetHints":{"allow":["GET"]}}],"collection":[{"href":"https:\/\/www.ormantik.com\/forum\/wp-json\/wp\/v2\/posts"}],"about":[{"href":"https:\/\/www.ormantik.com\/forum\/wp-json\/wp\/v2\/types\/post"}],"author":[{"embeddable":true,"href":"https:\/\/www.ormantik.com\/forum\/wp-json\/wp\/v2\/users\/3"}],"replies":[{"embeddable":true,"href":"https:\/\/www.ormantik.com\/forum\/wp-json\/wp\/v2\/comments?post=384"}],"version-history":[{"count":1,"href":"https:\/\/www.ormantik.com\/forum\/wp-json\/wp\/v2\/posts\/384\/revisions"}],"predecessor-version":[{"id":385,"href":"https:\/\/www.ormantik.com\/forum\/wp-json\/wp\/v2\/posts\/384\/revisions\/385"}],"wp:attachment":[{"href":"https:\/\/www.ormantik.com\/forum\/wp-json\/wp\/v2\/media?parent=384"}],"wp:term":[{"taxonomy":"category","embeddable":true,"href":"https:\/\/www.ormantik.com\/forum\/wp-json\/wp\/v2\/categories?post=384"},{"taxonomy":"post_tag","embeddable":true,"href":"https:\/\/www.ormantik.com\/forum\/wp-json\/wp\/v2\/tags?post=384"}],"curies":[{"name":"wp","href":"https:\/\/api.w.org\/{rel}","templated":true}]}}