{"id":551,"date":"2015-11-06T13:49:15","date_gmt":"2015-11-06T11:49:15","guid":{"rendered":"http:\/\/www.ormantik.com\/forum\/yurt-disinda-staj-yapmak-isteyen-ogrencilerin-dikkatine\/"},"modified":"2015-11-06T13:49:15","modified_gmt":"2015-11-06T11:49:15","slug":"yurt-disinda-staj-yapmak-isteyen-ogrencilerin-dikkatine","status":"publish","type":"post","link":"https:\/\/www.ormantik.com\/forum\/kampus\/guncel-duyurular\/yurt-disinda-staj-yapmak-isteyen-ogrencilerin-dikkatine\/","title":{"rendered":"Yurt D\u0131\u015f\u0131nda Staj Yapmak \u0130steyen \u00d6\u011frencilerin Dikkatine"},"content":{"rendered":"<p>IAESTE kanal\u0131yla stajlar\u0131n\u0131 yurt d\u0131\u015f\u0131nda yapmak isteyen \u00f6\u011frencilerin yabanc\u0131 dillerini belirten bir dilek\u00e7e ve transkriptleri ile birlikte en ge\u00e7 17 Kas\u0131m 2015 tarihine kadar Do\u00e7. Dr. Nesibe K\u00d6SE\u2019ye (Herbaryum Binas\u0131 2. Kat) ba\u015fvurmalar\u0131 gerekmektedir. Yabanc\u0131 Dil s\u0131nav\u0131 19 Kas\u0131m 2015 Per\u015fembe g\u00fcn\u00fc (yaz\u0131l\u0131 s\u0131nav sabah 10.00\u2019da s\u00f6zl\u00fc saat 13.00\u2019de) Yabanc\u0131 Diller B\u00f6l\u00fcm\u00fcnde yap\u0131lacakt\u0131r.<\/p>\n<p>Ba\u015fvuru ko\u015fullar\u0131 a\u015fa\u011f\u0131da belirtilmi\u015ftir:<\/p>\n<ul>\n<li>Akademik ortalamas\u0131 4.00 tam not \u00fczerinden en az 2.00 olan, staj yapma zorunlulu\u011fu olan ve en az 2.s\u0131n\u0131f \u00f6\u011frencisi olanlar ba\u015fvurabilirler.<\/li>\n<li>S\u0131navlar, \u0130ngilizce, Almanca ve Frans\u0131zca dillerinde a\u00e7\u0131lacakt\u0131r<\/li>\n<li>Ge\u00e7en \u00f6\u011frenim y\u0131l\u0131nda yabanc\u0131 dil s\u0131navlar\u0131nda ba\u015far\u0131l\u0131 olmu\u015f ancak yurt d\u0131\u015f\u0131 staj i\u00e7in akseptans alamam\u0131\u015f \u00f6\u011frenciler, istedikleri takdirde ge\u00e7en y\u0131l ald\u0131klar\u0131 yabanc\u0131 dil notlar\u0131n\u0131 kullanabilirler.<\/li>\n<li>Yabanc\u0131 dil s\u0131nav\u0131 \u00fcniversitemizin Yabanc\u0131 Diller B\u00f6l\u00fcm\u00fc taraf\u0131ndan yaz\u0131l\u0131 ve s\u00f6zl\u00fc olarak yap\u0131lacakt\u0131r. 100 tam not \u00fczerinden 70\u2019den daha az puan alan \u00f6\u011frenci ba\u015far\u0131s\u0131z say\u0131lacakt\u0131r.<\/li>\n<\/ul>\n","protected":false},"excerpt":{"rendered":"<p>IAESTE kanal\u0131yla stajlar\u0131n\u0131 yurt d\u0131\u015f\u0131nda yapmak isteyen \u00f6\u011frencilerin yabanc\u0131 dillerini belirten bir dilek\u00e7e ve transkriptleri ile birlikte en ge\u00e7 17 Kas\u0131m 2015 tarihine kadar Do\u00e7. Dr. Nesibe K\u00d6SE\u2019ye (Herbaryum Binas\u0131 2. Kat) ba\u015fvurmalar\u0131 gerekmektedir. Yabanc\u0131 Dil s\u0131nav\u0131 19 Kas\u0131m 2015 Per\u015fembe g\u00fcn\u00fc (yaz\u0131l\u0131 s\u0131nav sabah 10.00\u2019da s\u00f6zl\u00fc saat 13.00\u2019de) Yabanc\u0131 Diller B\u00f6l\u00fcm\u00fcnde yap\u0131lacakt\u0131r. Ba\u015fvuru ko\u015fullar\u0131 [&hellip;]<\/p>\n","protected":false},"author":1,"featured_media":0,"comment_status":"open","ping_status":"open","sticky":false,"template":"","format":"standard","meta":{"footnotes":""},"categories":[267],"tags":[],"class_list":["post-551","post","type-post","status-publish","format-standard","hentry","category-guncel-duyurular"],"yoast_head":"<!-- This site is optimized with the Yoast SEO plugin v27.2 - https:\/\/yoast.com\/product\/yoast-seo-wordpress\/ -->\n<title>Yurt D\u0131\u015f\u0131nda Staj Yapmak \u0130steyen \u00d6\u011frencilerin Dikkatine - ORMANT\u0130K<\/title>\n<meta name=\"robots\" content=\"index, follow, max-snippet:-1, max-image-preview:large, max-video-preview:-1\" \/>\n<link rel=\"canonical\" href=\"https:\/\/www.ormantik.com\/forum\/kampus\/guncel-duyurular\/yurt-disinda-staj-yapmak-isteyen-ogrencilerin-dikkatine\/\" \/>\n<meta property=\"og:locale\" content=\"tr_TR\" \/>\n<meta property=\"og:type\" content=\"article\" \/>\n<meta property=\"og:title\" content=\"Yurt D\u0131\u015f\u0131nda Staj Yapmak \u0130steyen \u00d6\u011frencilerin Dikkatine - ORMANT\u0130K\" \/>\n<meta property=\"og:description\" content=\"IAESTE kanal\u0131yla stajlar\u0131n\u0131 yurt d\u0131\u015f\u0131nda yapmak isteyen \u00f6\u011frencilerin yabanc\u0131 dillerini belirten bir dilek\u00e7e ve transkriptleri ile birlikte en ge\u00e7 17 Kas\u0131m 2015 tarihine kadar Do\u00e7. Dr. Nesibe K\u00d6SE\u2019ye (Herbaryum Binas\u0131 2. Kat) ba\u015fvurmalar\u0131 gerekmektedir. Yabanc\u0131 Dil s\u0131nav\u0131 19 Kas\u0131m 2015 Per\u015fembe g\u00fcn\u00fc (yaz\u0131l\u0131 s\u0131nav sabah 10.00\u2019da s\u00f6zl\u00fc saat 13.00\u2019de) Yabanc\u0131 Diller B\u00f6l\u00fcm\u00fcnde yap\u0131lacakt\u0131r. Ba\u015fvuru ko\u015fullar\u0131 [&hellip;]\" \/>\n<meta property=\"og:url\" content=\"https:\/\/www.ormantik.com\/forum\/kampus\/guncel-duyurular\/yurt-disinda-staj-yapmak-isteyen-ogrencilerin-dikkatine\/\" \/>\n<meta property=\"og:site_name\" content=\"ORMANT\u0130K\" \/>\n<meta property=\"article:publisher\" content=\"https:\/\/www.facebook.com\/ormantikcom\" \/>\n<meta property=\"article:published_time\" content=\"2015-11-06T11:49:15+00:00\" \/>\n<meta name=\"author\" content=\"Mehmet T.\" \/>\n<meta name=\"twitter:card\" content=\"summary_large_image\" \/>\n<meta name=\"twitter:creator\" content=\"@ormantikcom\" \/>\n<meta name=\"twitter:site\" content=\"@ormantikcom\" \/>\n<meta name=\"twitter:label1\" content=\"Yazan:\" \/>\n\t<meta name=\"twitter:data1\" content=\"Mehmet T.\" \/>\n\t<meta name=\"twitter:label2\" content=\"Tahmini okuma s\u00fcresi\" \/>\n\t<meta name=\"twitter:data2\" content=\"1 dakika\" \/>\n<script type=\"application\/ld+json\" class=\"yoast-schema-graph\">{\"@context\":\"https:\/\/schema.org\",\"@graph\":[{\"@type\":\"Article\",\"@id\":\"https:\/\/www.ormantik.com\/forum\/kampus\/guncel-duyurular\/yurt-disinda-staj-yapmak-isteyen-ogrencilerin-dikkatine\/#article\",\"isPartOf\":{\"@id\":\"https:\/\/www.ormantik.com\/forum\/kampus\/guncel-duyurular\/yurt-disinda-staj-yapmak-isteyen-ogrencilerin-dikkatine\/\"},\"author\":{\"name\":\"Mehmet T.\",\"@id\":\"https:\/\/www.ormantik.com\/forum\/#\/schema\/person\/b952b006f65658e4836666d46348714f\"},\"headline\":\"Yurt D\u0131\u015f\u0131nda Staj Yapmak \u0130steyen \u00d6\u011frencilerin Dikkatine\",\"datePublished\":\"2015-11-06T11:49:15+00:00\",\"mainEntityOfPage\":{\"@id\":\"https:\/\/www.ormantik.com\/forum\/kampus\/guncel-duyurular\/yurt-disinda-staj-yapmak-isteyen-ogrencilerin-dikkatine\/\"},\"wordCount\":193,\"commentCount\":0,\"publisher\":{\"@id\":\"https:\/\/www.ormantik.com\/forum\/#organization\"},\"articleSection\":[\"G\u00fcncel Duyurular\"],\"inLanguage\":\"tr\",\"potentialAction\":[{\"@type\":\"CommentAction\",\"name\":\"Comment\",\"target\":[\"https:\/\/www.ormantik.com\/forum\/kampus\/guncel-duyurular\/yurt-disinda-staj-yapmak-isteyen-ogrencilerin-dikkatine\/#respond\"]}]},{\"@type\":\"WebPage\",\"@id\":\"https:\/\/www.ormantik.com\/forum\/kampus\/guncel-duyurular\/yurt-disinda-staj-yapmak-isteyen-ogrencilerin-dikkatine\/\",\"url\":\"https:\/\/www.ormantik.com\/forum\/kampus\/guncel-duyurular\/yurt-disinda-staj-yapmak-isteyen-ogrencilerin-dikkatine\/\",\"name\":\"Yurt D\u0131\u015f\u0131nda Staj Yapmak \u0130steyen \u00d6\u011frencilerin Dikkatine - ORMANT\u0130K\",\"isPartOf\":{\"@id\":\"https:\/\/www.ormantik.com\/forum\/#website\"},\"datePublished\":\"2015-11-06T11:49:15+00:00\",\"breadcrumb\":{\"@id\":\"https:\/\/www.ormantik.com\/forum\/kampus\/guncel-duyurular\/yurt-disinda-staj-yapmak-isteyen-ogrencilerin-dikkatine\/#breadcrumb\"},\"inLanguage\":\"tr\",\"potentialAction\":[{\"@type\":\"ReadAction\",\"target\":[\"https:\/\/www.ormantik.com\/forum\/kampus\/guncel-duyurular\/yurt-disinda-staj-yapmak-isteyen-ogrencilerin-dikkatine\/\"]}]},{\"@type\":\"BreadcrumbList\",\"@id\":\"https:\/\/www.ormantik.com\/forum\/kampus\/guncel-duyurular\/yurt-disinda-staj-yapmak-isteyen-ogrencilerin-dikkatine\/#breadcrumb\",\"itemListElement\":[{\"@type\":\"ListItem\",\"position\":1,\"name\":\"Anasayfa\",\"item\":\"https:\/\/www.ormantik.com\/forum\/\"},{\"@type\":\"ListItem\",\"position\":2,\"name\":\"Kamp\u00fcs\",\"item\":\"https:\/\/www.ormantik.com\/forum\/kampus\/\"},{\"@type\":\"ListItem\",\"position\":3,\"name\":\"G\u00fcncel Duyurular\",\"item\":\"https:\/\/www.ormantik.com\/forum\/kampus\/guncel-duyurular\/\"},{\"@type\":\"ListItem\",\"position\":4,\"name\":\"Yurt D\u0131\u015f\u0131nda Staj Yapmak \u0130steyen \u00d6\u011frencilerin Dikkatine\"}]},{\"@type\":\"WebSite\",\"@id\":\"https:\/\/www.ormantik.com\/forum\/#website\",\"url\":\"https:\/\/www.ormantik.com\/forum\/\",\"name\":\"ORMANT\u0130K\",\"description\":\"Orman Fak\u00fclteliler\",\"publisher\":{\"@id\":\"https:\/\/www.ormantik.com\/forum\/#organization\"},\"potentialAction\":[{\"@type\":\"SearchAction\",\"target\":{\"@type\":\"EntryPoint\",\"urlTemplate\":\"https:\/\/www.ormantik.com\/forum\/?s={search_term_string}\"},\"query-input\":{\"@type\":\"PropertyValueSpecification\",\"valueRequired\":true,\"valueName\":\"search_term_string\"}}],\"inLanguage\":\"tr\"},{\"@type\":\"Organization\",\"@id\":\"https:\/\/www.ormantik.com\/forum\/#organization\",\"name\":\"Ormantik\",\"url\":\"https:\/\/www.ormantik.com\/forum\/\",\"logo\":{\"@type\":\"ImageObject\",\"inLanguage\":\"tr\",\"@id\":\"https:\/\/www.ormantik.com\/forum\/#\/schema\/logo\/image\/\",\"url\":\"\",\"contentUrl\":\"\",\"caption\":\"Ormantik\"},\"image\":{\"@id\":\"https:\/\/www.ormantik.com\/forum\/#\/schema\/logo\/image\/\"},\"sameAs\":[\"https:\/\/www.facebook.com\/ormantikcom\",\"https:\/\/x.com\/ormantikcom\",\"https:\/\/www.instagram.com\/ormantikcom\",\"https:\/\/www.youtube.com\/ormantikcom\"]},{\"@type\":\"Person\",\"@id\":\"https:\/\/www.ormantik.com\/forum\/#\/schema\/person\/b952b006f65658e4836666d46348714f\",\"name\":\"Mehmet T.\",\"image\":{\"@type\":\"ImageObject\",\"inLanguage\":\"tr\",\"@id\":\"https:\/\/secure.gravatar.com\/avatar\/aac18a4d62c42742de906b4db5c283e1935a4bf62d23f3a0f1295a2fc23814de?s=96&d=mm&r=g\",\"url\":\"https:\/\/secure.gravatar.com\/avatar\/aac18a4d62c42742de906b4db5c283e1935a4bf62d23f3a0f1295a2fc23814de?s=96&d=mm&r=g\",\"contentUrl\":\"https:\/\/secure.gravatar.com\/avatar\/aac18a4d62c42742de906b4db5c283e1935a4bf62d23f3a0f1295a2fc23814de?s=96&d=mm&r=g\",\"caption\":\"Mehmet T.\"},\"url\":\"https:\/\/www.ormantik.com\/forum\/profile\/mehmet\/\"}]}<\/script>\n<!-- \/ Yoast SEO plugin. -->","yoast_head_json":{"title":"Yurt D\u0131\u015f\u0131nda Staj Yapmak \u0130steyen \u00d6\u011frencilerin Dikkatine - ORMANT\u0130K","robots":{"index":"index","follow":"follow","max-snippet":"max-snippet:-1","max-image-preview":"max-image-preview:large","max-video-preview":"max-video-preview:-1"},"canonical":"https:\/\/www.ormantik.com\/forum\/kampus\/guncel-duyurular\/yurt-disinda-staj-yapmak-isteyen-ogrencilerin-dikkatine\/","og_locale":"tr_TR","og_type":"article","og_title":"Yurt D\u0131\u015f\u0131nda Staj Yapmak \u0130steyen \u00d6\u011frencilerin Dikkatine - ORMANT\u0130K","og_description":"IAESTE kanal\u0131yla stajlar\u0131n\u0131 yurt d\u0131\u015f\u0131nda yapmak isteyen \u00f6\u011frencilerin yabanc\u0131 dillerini belirten bir dilek\u00e7e ve transkriptleri ile birlikte en ge\u00e7 17 Kas\u0131m 2015 tarihine kadar Do\u00e7. Dr. Nesibe K\u00d6SE\u2019ye (Herbaryum Binas\u0131 2. Kat) ba\u015fvurmalar\u0131 gerekmektedir. Yabanc\u0131 Dil s\u0131nav\u0131 19 Kas\u0131m 2015 Per\u015fembe g\u00fcn\u00fc (yaz\u0131l\u0131 s\u0131nav sabah 10.00\u2019da s\u00f6zl\u00fc saat 13.00\u2019de) Yabanc\u0131 Diller B\u00f6l\u00fcm\u00fcnde yap\u0131lacakt\u0131r. Ba\u015fvuru ko\u015fullar\u0131 [&hellip;]","og_url":"https:\/\/www.ormantik.com\/forum\/kampus\/guncel-duyurular\/yurt-disinda-staj-yapmak-isteyen-ogrencilerin-dikkatine\/","og_site_name":"ORMANT\u0130K","article_publisher":"https:\/\/www.facebook.com\/ormantikcom","article_published_time":"2015-11-06T11:49:15+00:00","author":"Mehmet T.","twitter_card":"summary_large_image","twitter_creator":"@ormantikcom","twitter_site":"@ormantikcom","twitter_misc":{"Yazan:":"Mehmet T.","Tahmini okuma s\u00fcresi":"1 dakika"},"schema":{"@context":"https:\/\/schema.org","@graph":[{"@type":"Article","@id":"https:\/\/www.ormantik.com\/forum\/kampus\/guncel-duyurular\/yurt-disinda-staj-yapmak-isteyen-ogrencilerin-dikkatine\/#article","isPartOf":{"@id":"https:\/\/www.ormantik.com\/forum\/kampus\/guncel-duyurular\/yurt-disinda-staj-yapmak-isteyen-ogrencilerin-dikkatine\/"},"author":{"name":"Mehmet T.","@id":"https:\/\/www.ormantik.com\/forum\/#\/schema\/person\/b952b006f65658e4836666d46348714f"},"headline":"Yurt D\u0131\u015f\u0131nda Staj Yapmak \u0130steyen \u00d6\u011frencilerin Dikkatine","datePublished":"2015-11-06T11:49:15+00:00","mainEntityOfPage":{"@id":"https:\/\/www.ormantik.com\/forum\/kampus\/guncel-duyurular\/yurt-disinda-staj-yapmak-isteyen-ogrencilerin-dikkatine\/"},"wordCount":193,"commentCount":0,"publisher":{"@id":"https:\/\/www.ormantik.com\/forum\/#organization"},"articleSection":["G\u00fcncel Duyurular"],"inLanguage":"tr","potentialAction":[{"@type":"CommentAction","name":"Comment","target":["https:\/\/www.ormantik.com\/forum\/kampus\/guncel-duyurular\/yurt-disinda-staj-yapmak-isteyen-ogrencilerin-dikkatine\/#respond"]}]},{"@type":"WebPage","@id":"https:\/\/www.ormantik.com\/forum\/kampus\/guncel-duyurular\/yurt-disinda-staj-yapmak-isteyen-ogrencilerin-dikkatine\/","url":"https:\/\/www.ormantik.com\/forum\/kampus\/guncel-duyurular\/yurt-disinda-staj-yapmak-isteyen-ogrencilerin-dikkatine\/","name":"Yurt D\u0131\u015f\u0131nda Staj Yapmak \u0130steyen \u00d6\u011frencilerin Dikkatine - ORMANT\u0130K","isPartOf":{"@id":"https:\/\/www.ormantik.com\/forum\/#website"},"datePublished":"2015-11-06T11:49:15+00:00","breadcrumb":{"@id":"https:\/\/www.ormantik.com\/forum\/kampus\/guncel-duyurular\/yurt-disinda-staj-yapmak-isteyen-ogrencilerin-dikkatine\/#breadcrumb"},"inLanguage":"tr","potentialAction":[{"@type":"ReadAction","target":["https:\/\/www.ormantik.com\/forum\/kampus\/guncel-duyurular\/yurt-disinda-staj-yapmak-isteyen-ogrencilerin-dikkatine\/"]}]},{"@type":"BreadcrumbList","@id":"https:\/\/www.ormantik.com\/forum\/kampus\/guncel-duyurular\/yurt-disinda-staj-yapmak-isteyen-ogrencilerin-dikkatine\/#breadcrumb","itemListElement":[{"@type":"ListItem","position":1,"name":"Anasayfa","item":"https:\/\/www.ormantik.com\/forum\/"},{"@type":"ListItem","position":2,"name":"Kamp\u00fcs","item":"https:\/\/www.ormantik.com\/forum\/kampus\/"},{"@type":"ListItem","position":3,"name":"G\u00fcncel Duyurular","item":"https:\/\/www.ormantik.com\/forum\/kampus\/guncel-duyurular\/"},{"@type":"ListItem","position":4,"name":"Yurt D\u0131\u015f\u0131nda Staj Yapmak \u0130steyen \u00d6\u011frencilerin Dikkatine"}]},{"@type":"WebSite","@id":"https:\/\/www.ormantik.com\/forum\/#website","url":"https:\/\/www.ormantik.com\/forum\/","name":"ORMANT\u0130K","description":"Orman Fak\u00fclteliler","publisher":{"@id":"https:\/\/www.ormantik.com\/forum\/#organization"},"potentialAction":[{"@type":"SearchAction","target":{"@type":"EntryPoint","urlTemplate":"https:\/\/www.ormantik.com\/forum\/?s={search_term_string}"},"query-input":{"@type":"PropertyValueSpecification","valueRequired":true,"valueName":"search_term_string"}}],"inLanguage":"tr"},{"@type":"Organization","@id":"https:\/\/www.ormantik.com\/forum\/#organization","name":"Ormantik","url":"https:\/\/www.ormantik.com\/forum\/","logo":{"@type":"ImageObject","inLanguage":"tr","@id":"https:\/\/www.ormantik.com\/forum\/#\/schema\/logo\/image\/","url":"","contentUrl":"","caption":"Ormantik"},"image":{"@id":"https:\/\/www.ormantik.com\/forum\/#\/schema\/logo\/image\/"},"sameAs":["https:\/\/www.facebook.com\/ormantikcom","https:\/\/x.com\/ormantikcom","https:\/\/www.instagram.com\/ormantikcom","https:\/\/www.youtube.com\/ormantikcom"]},{"@type":"Person","@id":"https:\/\/www.ormantik.com\/forum\/#\/schema\/person\/b952b006f65658e4836666d46348714f","name":"Mehmet T.","image":{"@type":"ImageObject","inLanguage":"tr","@id":"https:\/\/secure.gravatar.com\/avatar\/aac18a4d62c42742de906b4db5c283e1935a4bf62d23f3a0f1295a2fc23814de?s=96&d=mm&r=g","url":"https:\/\/secure.gravatar.com\/avatar\/aac18a4d62c42742de906b4db5c283e1935a4bf62d23f3a0f1295a2fc23814de?s=96&d=mm&r=g","contentUrl":"https:\/\/secure.gravatar.com\/avatar\/aac18a4d62c42742de906b4db5c283e1935a4bf62d23f3a0f1295a2fc23814de?s=96&d=mm&r=g","caption":"Mehmet T."},"url":"https:\/\/www.ormantik.com\/forum\/profile\/mehmet\/"}]}},"_links":{"self":[{"href":"https:\/\/www.ormantik.com\/forum\/wp-json\/wp\/v2\/posts\/551","targetHints":{"allow":["GET"]}}],"collection":[{"href":"https:\/\/www.ormantik.com\/forum\/wp-json\/wp\/v2\/posts"}],"about":[{"href":"https:\/\/www.ormantik.com\/forum\/wp-json\/wp\/v2\/types\/post"}],"author":[{"embeddable":true,"href":"https:\/\/www.ormantik.com\/forum\/wp-json\/wp\/v2\/users\/1"}],"replies":[{"embeddable":true,"href":"https:\/\/www.ormantik.com\/forum\/wp-json\/wp\/v2\/comments?post=551"}],"version-history":[{"count":0,"href":"https:\/\/www.ormantik.com\/forum\/wp-json\/wp\/v2\/posts\/551\/revisions"}],"wp:attachment":[{"href":"https:\/\/www.ormantik.com\/forum\/wp-json\/wp\/v2\/media?parent=551"}],"wp:term":[{"taxonomy":"category","embeddable":true,"href":"https:\/\/www.ormantik.com\/forum\/wp-json\/wp\/v2\/categories?post=551"},{"taxonomy":"post_tag","embeddable":true,"href":"https:\/\/www.ormantik.com\/forum\/wp-json\/wp\/v2\/tags?post=551"}],"curies":[{"name":"wp","href":"https:\/\/api.w.org\/{rel}","templated":true}]}}