{"id":616,"date":"2015-11-18T09:03:46","date_gmt":"2015-11-18T07:03:46","guid":{"rendered":"http:\/\/www.ormantik.com\/forum\/?p=616"},"modified":"2015-11-18T09:04:19","modified_gmt":"2015-11-18T07:04:19","slug":"tod-marmara-tasarim-yarismasi","status":"publish","type":"post","link":"https:\/\/www.ormantik.com\/forum\/is-hayati\/atama-ve-is-ilanlari\/tod-marmara-tasarim-yarismasi\/","title":{"rendered":"Tod Marmara : Tasar\u0131m Yar\u0131\u015fmas\u0131"},"content":{"rendered":"<p>T\u00fcrkiye Ormanc\u0131lar Derne\u011fi Marmara \u015eubesi \u0130.\u00dc.Orman Fak\u00fcltesi Orman ve Orman End\u00fcstri M\u00fchendisli\u011fi B\u00f6l\u00fcmleri M\u00fchendislik Tasar\u0131m\u0131 dersleri kapsam\u0131nda haz\u0131rlanan tasar\u0131m \u00e7al\u0131\u015fmalar\u0131 aras\u0131ndan, <strong>her b\u00f6l\u00fcm i\u00e7in ayr\u0131 ayr\u0131 birer birinci<\/strong> se\u00e7erek \u00f6d\u00fcl veriyor.<\/p>\n<p>\u00d6d\u00fcller: Her iki b\u00f6l\u00fcmden 1.lere 1.000TL \u00f6d\u00fcl.<\/p>\n<p>Son Kat\u0131l\u0131m: 30 Aral\u0131k 2015<\/p>\n<p><img loading=\"lazy\" decoding=\"async\" class=\"alignnone size-full wp-image-617\" src=\"http:\/\/www.ormantik.com\/forum\/wp-content\/uploads\/2015\/11\/n\u00fchendislik-tasar\u0131m\u0131-yarismas\u0131.jpg\" alt=\"n\u00fchendislik-tasar\u0131m\u0131-yarismas\u0131\" width=\"1512\" height=\"2253\" \/><\/p>\n","protected":false},"excerpt":{"rendered":"<p>T\u00fcrkiye Ormanc\u0131lar Derne\u011fi Marmara \u015eubesi \u0130.\u00dc.Orman Fak\u00fcltesi Orman ve Orman End\u00fcstri M\u00fchendisli\u011fi B\u00f6l\u00fcmleri M\u00fchendislik Tasar\u0131m\u0131 dersleri kapsam\u0131nda haz\u0131rlanan tasar\u0131m \u00e7al\u0131\u015fmalar\u0131 aras\u0131ndan, her b\u00f6l\u00fcm i\u00e7in ayr\u0131 ayr\u0131 birer birinci se\u00e7erek \u00f6d\u00fcl veriyor. \u00d6d\u00fcller: Her iki b\u00f6l\u00fcmden 1.lere 1.000TL \u00f6d\u00fcl. Son Kat\u0131l\u0131m: 30 Aral\u0131k 2015<\/p>\n","protected":false},"author":3,"featured_media":0,"comment_status":"open","ping_status":"open","sticky":false,"template":"","format":"standard","meta":{"footnotes":""},"categories":[236],"tags":[279],"class_list":["post-616","post","type-post","status-publish","format-standard","hentry","category-atama-ve-is-ilanlari","tag-yarisma"],"yoast_head":"<!-- This site is optimized with the Yoast SEO plugin v27.2 - https:\/\/yoast.com\/product\/yoast-seo-wordpress\/ -->\n<title>Tod Marmara : Tasar\u0131m Yar\u0131\u015fmas\u0131 - ORMANT\u0130K<\/title>\n<meta name=\"robots\" content=\"index, follow, max-snippet:-1, max-image-preview:large, max-video-preview:-1\" \/>\n<link rel=\"canonical\" href=\"https:\/\/www.ormantik.com\/forum\/is-hayati\/atama-ve-is-ilanlari\/tod-marmara-tasarim-yarismasi\/\" \/>\n<meta property=\"og:locale\" content=\"tr_TR\" \/>\n<meta property=\"og:type\" content=\"article\" \/>\n<meta property=\"og:title\" content=\"Tod Marmara : Tasar\u0131m Yar\u0131\u015fmas\u0131 - ORMANT\u0130K\" \/>\n<meta property=\"og:description\" content=\"T\u00fcrkiye Ormanc\u0131lar Derne\u011fi Marmara \u015eubesi \u0130.\u00dc.Orman Fak\u00fcltesi Orman ve Orman End\u00fcstri M\u00fchendisli\u011fi B\u00f6l\u00fcmleri M\u00fchendislik Tasar\u0131m\u0131 dersleri kapsam\u0131nda haz\u0131rlanan tasar\u0131m \u00e7al\u0131\u015fmalar\u0131 aras\u0131ndan, her b\u00f6l\u00fcm i\u00e7in ayr\u0131 ayr\u0131 birer birinci se\u00e7erek \u00f6d\u00fcl veriyor. \u00d6d\u00fcller: Her iki b\u00f6l\u00fcmden 1.lere 1.000TL \u00f6d\u00fcl. Son Kat\u0131l\u0131m: 30 Aral\u0131k 2015\" \/>\n<meta property=\"og:url\" content=\"https:\/\/www.ormantik.com\/forum\/is-hayati\/atama-ve-is-ilanlari\/tod-marmara-tasarim-yarismasi\/\" \/>\n<meta property=\"og:site_name\" content=\"ORMANT\u0130K\" \/>\n<meta property=\"article:publisher\" content=\"https:\/\/www.facebook.com\/ormantikcom\" \/>\n<meta property=\"article:published_time\" content=\"2015-11-18T07:03:46+00:00\" \/>\n<meta property=\"article:modified_time\" content=\"2015-11-18T07:04:19+00:00\" \/>\n<meta property=\"og:image\" content=\"http:\/\/www.ormantik.com\/forum\/wp-content\/uploads\/2015\/11\/n\u00fchendislik-tasar\u0131m\u0131-yarismas\u0131.jpg\" \/>\n<meta name=\"author\" content=\"Ormantik\" \/>\n<meta name=\"twitter:card\" content=\"summary_large_image\" \/>\n<meta name=\"twitter:creator\" content=\"@ormantikcom\" \/>\n<meta name=\"twitter:site\" content=\"@ormantikcom\" \/>\n<meta name=\"twitter:label1\" content=\"Yazan:\" \/>\n\t<meta name=\"twitter:data1\" content=\"Ormantik\" \/>\n<script type=\"application\/ld+json\" class=\"yoast-schema-graph\">{\"@context\":\"https:\/\/schema.org\",\"@graph\":[{\"@type\":\"Article\",\"@id\":\"https:\/\/www.ormantik.com\/forum\/is-hayati\/atama-ve-is-ilanlari\/tod-marmara-tasarim-yarismasi\/#article\",\"isPartOf\":{\"@id\":\"https:\/\/www.ormantik.com\/forum\/is-hayati\/atama-ve-is-ilanlari\/tod-marmara-tasarim-yarismasi\/\"},\"author\":{\"name\":\"Ormantik\",\"@id\":\"https:\/\/www.ormantik.com\/forum\/#\/schema\/person\/77f14adc8075b1bb1cf3e5d042ee45a3\"},\"headline\":\"Tod Marmara : Tasar\u0131m Yar\u0131\u015fmas\u0131\",\"datePublished\":\"2015-11-18T07:03:46+00:00\",\"dateModified\":\"2015-11-18T07:04:19+00:00\",\"mainEntityOfPage\":{\"@id\":\"https:\/\/www.ormantik.com\/forum\/is-hayati\/atama-ve-is-ilanlari\/tod-marmara-tasarim-yarismasi\/\"},\"wordCount\":75,\"commentCount\":0,\"publisher\":{\"@id\":\"https:\/\/www.ormantik.com\/forum\/#organization\"},\"keywords\":[\"Yar\u0131\u015fma\"],\"articleSection\":[\"Atama ve \u0130\u015f \u0130lanlar\u0131\"],\"inLanguage\":\"tr\",\"potentialAction\":[{\"@type\":\"CommentAction\",\"name\":\"Comment\",\"target\":[\"https:\/\/www.ormantik.com\/forum\/is-hayati\/atama-ve-is-ilanlari\/tod-marmara-tasarim-yarismasi\/#respond\"]}]},{\"@type\":\"WebPage\",\"@id\":\"https:\/\/www.ormantik.com\/forum\/is-hayati\/atama-ve-is-ilanlari\/tod-marmara-tasarim-yarismasi\/\",\"url\":\"https:\/\/www.ormantik.com\/forum\/is-hayati\/atama-ve-is-ilanlari\/tod-marmara-tasarim-yarismasi\/\",\"name\":\"Tod Marmara : Tasar\u0131m Yar\u0131\u015fmas\u0131 - ORMANT\u0130K\",\"isPartOf\":{\"@id\":\"https:\/\/www.ormantik.com\/forum\/#website\"},\"datePublished\":\"2015-11-18T07:03:46+00:00\",\"dateModified\":\"2015-11-18T07:04:19+00:00\",\"breadcrumb\":{\"@id\":\"https:\/\/www.ormantik.com\/forum\/is-hayati\/atama-ve-is-ilanlari\/tod-marmara-tasarim-yarismasi\/#breadcrumb\"},\"inLanguage\":\"tr\",\"potentialAction\":[{\"@type\":\"ReadAction\",\"target\":[\"https:\/\/www.ormantik.com\/forum\/is-hayati\/atama-ve-is-ilanlari\/tod-marmara-tasarim-yarismasi\/\"]}]},{\"@type\":\"BreadcrumbList\",\"@id\":\"https:\/\/www.ormantik.com\/forum\/is-hayati\/atama-ve-is-ilanlari\/tod-marmara-tasarim-yarismasi\/#breadcrumb\",\"itemListElement\":[{\"@type\":\"ListItem\",\"position\":1,\"name\":\"Anasayfa\",\"item\":\"https:\/\/www.ormantik.com\/forum\/\"},{\"@type\":\"ListItem\",\"position\":2,\"name\":\"\u0130\u015f Hayat\u0131\",\"item\":\"https:\/\/www.ormantik.com\/forum\/is-hayati\/\"},{\"@type\":\"ListItem\",\"position\":3,\"name\":\"Atama ve \u0130\u015f \u0130lanlar\u0131\",\"item\":\"https:\/\/www.ormantik.com\/forum\/is-hayati\/atama-ve-is-ilanlari\/\"},{\"@type\":\"ListItem\",\"position\":4,\"name\":\"Tod Marmara : Tasar\u0131m Yar\u0131\u015fmas\u0131\"}]},{\"@type\":\"WebSite\",\"@id\":\"https:\/\/www.ormantik.com\/forum\/#website\",\"url\":\"https:\/\/www.ormantik.com\/forum\/\",\"name\":\"ORMANT\u0130K\",\"description\":\"Orman Fak\u00fclteliler\",\"publisher\":{\"@id\":\"https:\/\/www.ormantik.com\/forum\/#organization\"},\"potentialAction\":[{\"@type\":\"SearchAction\",\"target\":{\"@type\":\"EntryPoint\",\"urlTemplate\":\"https:\/\/www.ormantik.com\/forum\/?s={search_term_string}\"},\"query-input\":{\"@type\":\"PropertyValueSpecification\",\"valueRequired\":true,\"valueName\":\"search_term_string\"}}],\"inLanguage\":\"tr\"},{\"@type\":\"Organization\",\"@id\":\"https:\/\/www.ormantik.com\/forum\/#organization\",\"name\":\"Ormantik\",\"url\":\"https:\/\/www.ormantik.com\/forum\/\",\"logo\":{\"@type\":\"ImageObject\",\"inLanguage\":\"tr\",\"@id\":\"https:\/\/www.ormantik.com\/forum\/#\/schema\/logo\/image\/\",\"url\":\"\",\"contentUrl\":\"\",\"caption\":\"Ormantik\"},\"image\":{\"@id\":\"https:\/\/www.ormantik.com\/forum\/#\/schema\/logo\/image\/\"},\"sameAs\":[\"https:\/\/www.facebook.com\/ormantikcom\",\"https:\/\/x.com\/ormantikcom\",\"https:\/\/www.instagram.com\/ormantikcom\",\"https:\/\/www.youtube.com\/ormantikcom\"]},{\"@type\":\"Person\",\"@id\":\"https:\/\/www.ormantik.com\/forum\/#\/schema\/person\/77f14adc8075b1bb1cf3e5d042ee45a3\",\"name\":\"Ormantik\",\"image\":{\"@type\":\"ImageObject\",\"inLanguage\":\"tr\",\"@id\":\"https:\/\/secure.gravatar.com\/avatar\/0624dbf14f64731a092a37b5430366ab4831e2b2c1f78398f8afdb361185f1e9?s=96&d=mm&r=g\",\"url\":\"https:\/\/secure.gravatar.com\/avatar\/0624dbf14f64731a092a37b5430366ab4831e2b2c1f78398f8afdb361185f1e9?s=96&d=mm&r=g\",\"contentUrl\":\"https:\/\/secure.gravatar.com\/avatar\/0624dbf14f64731a092a37b5430366ab4831e2b2c1f78398f8afdb361185f1e9?s=96&d=mm&r=g\",\"caption\":\"Ormantik\"},\"description\":\"23 Nisan 2011'de \u0130stanbul \u00dcniversitesi Orman Fak\u00fcltesi'nde kuruldu. \u00d6ncesinde 2007 y\u0131l\u0131nda kurulun ormanist.com sitesinin devam\u0131d\u0131r.\",\"sameAs\":[\"http:\/\/www.ormantik.com\/forum\"],\"url\":\"https:\/\/www.ormantik.com\/forum\/profile\/ormantik\/\"}]}<\/script>\n<!-- \/ Yoast SEO plugin. -->","yoast_head_json":{"title":"Tod Marmara : Tasar\u0131m Yar\u0131\u015fmas\u0131 - ORMANT\u0130K","robots":{"index":"index","follow":"follow","max-snippet":"max-snippet:-1","max-image-preview":"max-image-preview:large","max-video-preview":"max-video-preview:-1"},"canonical":"https:\/\/www.ormantik.com\/forum\/is-hayati\/atama-ve-is-ilanlari\/tod-marmara-tasarim-yarismasi\/","og_locale":"tr_TR","og_type":"article","og_title":"Tod Marmara : Tasar\u0131m Yar\u0131\u015fmas\u0131 - ORMANT\u0130K","og_description":"T\u00fcrkiye Ormanc\u0131lar Derne\u011fi Marmara \u015eubesi \u0130.\u00dc.Orman Fak\u00fcltesi Orman ve Orman End\u00fcstri M\u00fchendisli\u011fi B\u00f6l\u00fcmleri M\u00fchendislik Tasar\u0131m\u0131 dersleri kapsam\u0131nda haz\u0131rlanan tasar\u0131m \u00e7al\u0131\u015fmalar\u0131 aras\u0131ndan, her b\u00f6l\u00fcm i\u00e7in ayr\u0131 ayr\u0131 birer birinci se\u00e7erek \u00f6d\u00fcl veriyor. \u00d6d\u00fcller: Her iki b\u00f6l\u00fcmden 1.lere 1.000TL \u00f6d\u00fcl. Son Kat\u0131l\u0131m: 30 Aral\u0131k 2015","og_url":"https:\/\/www.ormantik.com\/forum\/is-hayati\/atama-ve-is-ilanlari\/tod-marmara-tasarim-yarismasi\/","og_site_name":"ORMANT\u0130K","article_publisher":"https:\/\/www.facebook.com\/ormantikcom","article_published_time":"2015-11-18T07:03:46+00:00","article_modified_time":"2015-11-18T07:04:19+00:00","og_image":[{"url":"http:\/\/www.ormantik.com\/forum\/wp-content\/uploads\/2015\/11\/n\u00fchendislik-tasar\u0131m\u0131-yarismas\u0131.jpg","type":"","width":"","height":""}],"author":"Ormantik","twitter_card":"summary_large_image","twitter_creator":"@ormantikcom","twitter_site":"@ormantikcom","twitter_misc":{"Yazan:":"Ormantik"},"schema":{"@context":"https:\/\/schema.org","@graph":[{"@type":"Article","@id":"https:\/\/www.ormantik.com\/forum\/is-hayati\/atama-ve-is-ilanlari\/tod-marmara-tasarim-yarismasi\/#article","isPartOf":{"@id":"https:\/\/www.ormantik.com\/forum\/is-hayati\/atama-ve-is-ilanlari\/tod-marmara-tasarim-yarismasi\/"},"author":{"name":"Ormantik","@id":"https:\/\/www.ormantik.com\/forum\/#\/schema\/person\/77f14adc8075b1bb1cf3e5d042ee45a3"},"headline":"Tod Marmara : Tasar\u0131m Yar\u0131\u015fmas\u0131","datePublished":"2015-11-18T07:03:46+00:00","dateModified":"2015-11-18T07:04:19+00:00","mainEntityOfPage":{"@id":"https:\/\/www.ormantik.com\/forum\/is-hayati\/atama-ve-is-ilanlari\/tod-marmara-tasarim-yarismasi\/"},"wordCount":75,"commentCount":0,"publisher":{"@id":"https:\/\/www.ormantik.com\/forum\/#organization"},"keywords":["Yar\u0131\u015fma"],"articleSection":["Atama ve \u0130\u015f \u0130lanlar\u0131"],"inLanguage":"tr","potentialAction":[{"@type":"CommentAction","name":"Comment","target":["https:\/\/www.ormantik.com\/forum\/is-hayati\/atama-ve-is-ilanlari\/tod-marmara-tasarim-yarismasi\/#respond"]}]},{"@type":"WebPage","@id":"https:\/\/www.ormantik.com\/forum\/is-hayati\/atama-ve-is-ilanlari\/tod-marmara-tasarim-yarismasi\/","url":"https:\/\/www.ormantik.com\/forum\/is-hayati\/atama-ve-is-ilanlari\/tod-marmara-tasarim-yarismasi\/","name":"Tod Marmara : Tasar\u0131m Yar\u0131\u015fmas\u0131 - ORMANT\u0130K","isPartOf":{"@id":"https:\/\/www.ormantik.com\/forum\/#website"},"datePublished":"2015-11-18T07:03:46+00:00","dateModified":"2015-11-18T07:04:19+00:00","breadcrumb":{"@id":"https:\/\/www.ormantik.com\/forum\/is-hayati\/atama-ve-is-ilanlari\/tod-marmara-tasarim-yarismasi\/#breadcrumb"},"inLanguage":"tr","potentialAction":[{"@type":"ReadAction","target":["https:\/\/www.ormantik.com\/forum\/is-hayati\/atama-ve-is-ilanlari\/tod-marmara-tasarim-yarismasi\/"]}]},{"@type":"BreadcrumbList","@id":"https:\/\/www.ormantik.com\/forum\/is-hayati\/atama-ve-is-ilanlari\/tod-marmara-tasarim-yarismasi\/#breadcrumb","itemListElement":[{"@type":"ListItem","position":1,"name":"Anasayfa","item":"https:\/\/www.ormantik.com\/forum\/"},{"@type":"ListItem","position":2,"name":"\u0130\u015f Hayat\u0131","item":"https:\/\/www.ormantik.com\/forum\/is-hayati\/"},{"@type":"ListItem","position":3,"name":"Atama ve \u0130\u015f \u0130lanlar\u0131","item":"https:\/\/www.ormantik.com\/forum\/is-hayati\/atama-ve-is-ilanlari\/"},{"@type":"ListItem","position":4,"name":"Tod Marmara : Tasar\u0131m Yar\u0131\u015fmas\u0131"}]},{"@type":"WebSite","@id":"https:\/\/www.ormantik.com\/forum\/#website","url":"https:\/\/www.ormantik.com\/forum\/","name":"ORMANT\u0130K","description":"Orman Fak\u00fclteliler","publisher":{"@id":"https:\/\/www.ormantik.com\/forum\/#organization"},"potentialAction":[{"@type":"SearchAction","target":{"@type":"EntryPoint","urlTemplate":"https:\/\/www.ormantik.com\/forum\/?s={search_term_string}"},"query-input":{"@type":"PropertyValueSpecification","valueRequired":true,"valueName":"search_term_string"}}],"inLanguage":"tr"},{"@type":"Organization","@id":"https:\/\/www.ormantik.com\/forum\/#organization","name":"Ormantik","url":"https:\/\/www.ormantik.com\/forum\/","logo":{"@type":"ImageObject","inLanguage":"tr","@id":"https:\/\/www.ormantik.com\/forum\/#\/schema\/logo\/image\/","url":"","contentUrl":"","caption":"Ormantik"},"image":{"@id":"https:\/\/www.ormantik.com\/forum\/#\/schema\/logo\/image\/"},"sameAs":["https:\/\/www.facebook.com\/ormantikcom","https:\/\/x.com\/ormantikcom","https:\/\/www.instagram.com\/ormantikcom","https:\/\/www.youtube.com\/ormantikcom"]},{"@type":"Person","@id":"https:\/\/www.ormantik.com\/forum\/#\/schema\/person\/77f14adc8075b1bb1cf3e5d042ee45a3","name":"Ormantik","image":{"@type":"ImageObject","inLanguage":"tr","@id":"https:\/\/secure.gravatar.com\/avatar\/0624dbf14f64731a092a37b5430366ab4831e2b2c1f78398f8afdb361185f1e9?s=96&d=mm&r=g","url":"https:\/\/secure.gravatar.com\/avatar\/0624dbf14f64731a092a37b5430366ab4831e2b2c1f78398f8afdb361185f1e9?s=96&d=mm&r=g","contentUrl":"https:\/\/secure.gravatar.com\/avatar\/0624dbf14f64731a092a37b5430366ab4831e2b2c1f78398f8afdb361185f1e9?s=96&d=mm&r=g","caption":"Ormantik"},"description":"23 Nisan 2011'de \u0130stanbul \u00dcniversitesi Orman Fak\u00fcltesi'nde kuruldu. \u00d6ncesinde 2007 y\u0131l\u0131nda kurulun ormanist.com sitesinin devam\u0131d\u0131r.","sameAs":["http:\/\/www.ormantik.com\/forum"],"url":"https:\/\/www.ormantik.com\/forum\/profile\/ormantik\/"}]}},"_links":{"self":[{"href":"https:\/\/www.ormantik.com\/forum\/wp-json\/wp\/v2\/posts\/616","targetHints":{"allow":["GET"]}}],"collection":[{"href":"https:\/\/www.ormantik.com\/forum\/wp-json\/wp\/v2\/posts"}],"about":[{"href":"https:\/\/www.ormantik.com\/forum\/wp-json\/wp\/v2\/types\/post"}],"author":[{"embeddable":true,"href":"https:\/\/www.ormantik.com\/forum\/wp-json\/wp\/v2\/users\/3"}],"replies":[{"embeddable":true,"href":"https:\/\/www.ormantik.com\/forum\/wp-json\/wp\/v2\/comments?post=616"}],"version-history":[{"count":1,"href":"https:\/\/www.ormantik.com\/forum\/wp-json\/wp\/v2\/posts\/616\/revisions"}],"predecessor-version":[{"id":618,"href":"https:\/\/www.ormantik.com\/forum\/wp-json\/wp\/v2\/posts\/616\/revisions\/618"}],"wp:attachment":[{"href":"https:\/\/www.ormantik.com\/forum\/wp-json\/wp\/v2\/media?parent=616"}],"wp:term":[{"taxonomy":"category","embeddable":true,"href":"https:\/\/www.ormantik.com\/forum\/wp-json\/wp\/v2\/categories?post=616"},{"taxonomy":"post_tag","embeddable":true,"href":"https:\/\/www.ormantik.com\/forum\/wp-json\/wp\/v2\/tags?post=616"}],"curies":[{"name":"wp","href":"https:\/\/api.w.org\/{rel}","templated":true}]}}